{"id":7856,"date":"2026-04-27T06:56:44","date_gmt":"2026-04-27T04:56:44","guid":{"rendered":"https:\/\/securex.lu\/?p=7856"},"modified":"2026-04-27T06:56:47","modified_gmt":"2026-04-27T04:56:47","slug":"my-hr-update-avril-2026","status":"publish","type":"post","link":"https:\/\/securex.lu\/en\/my-hr-update-avril-2026\/","title":{"rendered":"My HR Update avril 2026"},"content":{"rendered":"\n<p><\/p>\n\n\n\n<h2 class=\"wp-block-heading\" id=\"sommaire-octobre\">Retrouvez ici toute l\u2019actualit\u00e9 qui concerne la gestion RH au Luxembourg !<br><\/h2>\n\n\n\n<p id=\"cotisation-employe\"><a href=\"#cotisation-employe\">1\/ Cotisation \u00e0 la Chambre des salari\u00e9s <\/a><\/p>\n\n\n\n<p><\/p>\n\n\n\n<p id=\"contrats-speciaux\"><a href=\"#CIE-CAE\" type=\"internal\" id=\"#CIE-CAE\">2\/ Nouveaut\u00e9s pour les contrats sp\u00e9ciaux (CIE, CAE, CRE et stages de professionnalisation)<\/a><\/p>\n\n\n\n<p><\/p>\n\n\n\n<p id=\"eleves-etudiants\"><a href=\"#recruter-etudiants\" type=\"internal\" id=\"#recruter-etudiants\">3\/ Rappel des modalit\u00e9s pour engager \u00e9l\u00e8ves et \u00e9tudiants<\/a><\/p>\n\n\n\n<p><\/p>\n\n\n\n<p id=\"INFPC\"><a href=\"#infpc\">4\/Derni\u00e8re ligne droite pour les dossiers INFPC<\/a><\/p>\n\n\n\n<p><\/p>\n\n\n\n<p id=\"declaration-fiscale\"><a href=\"#formulaires-impots\" type=\"internal\" id=\"#formulaires-impots\">5\/ Formulaires de d\u00e9claration fiscale disponibles : A vos revenus ! Pr\u00eats ? D\u00e9clarez !<\/a><\/p>\n\n\n\n<p><\/p>\n\n\n\n<p id=\"indexation\"><a href=\"#inflation\" type=\"internal\" id=\"#inflation\">6\/ Quid de la prochaine indexation\u00a0?<\/a><\/p>\n\n\n\n<p><\/p>\n\n\n\n<p id=\"droit-deconnexion\"><a href=\"#loi-deconnexion\" type=\"internal\" id=\"#loi-deconnexion\">7\/ Droit \u00e0 la d\u00e9connexion : attention aux sanctions \u00e0 venir<\/a><\/p>\n\n\n\n<p><\/p>\n\n\n\n<p id=\"transparence-salariale\"><a href=\"#transparence-loi\" type=\"internal\" id=\"#transparence-loi\">8\/ Transparence salariale\u00a0: se pr\u00e9parer \u00e0 l\u2019\u00e9ch\u00e9ance de juin 2026<\/a><\/p>\n\n\n\n<p><\/p>\n\n\n\n<p id=\"carte-europeenne\"><a href=\"#carte-bleue\" type=\"internal\" id=\"#carte-bleue\">9\/ Carte bleue europ\u00e9enne\u00a0: rel\u00e8vement du seuil de r\u00e9mun\u00e9ration<\/a><\/p>\n\n\n\n<p><br><\/p>\n\n\n\n<p><\/p>\n\n\n\n<hr class=\"wp-block-separator has-alpha-channel-opacity is-style-default\" style=\"margin-top:0;margin-bottom:0\"\/>\n\n\n\n<p><\/p>\n\n\n\n<p><\/p>\n\n\n\n<h2 class=\"wp-block-heading\" id=\"cotisation-employe\">1 &#8211; Cotisation \u00e0 la Chambre des salari\u00e9s<\/h2>\n\n\n\n<figure class=\"wp-block-image size-full\"><img fetchpriority=\"high\" decoding=\"async\" width=\"300\" height=\"300\" src=\"https:\/\/securex.lu\/wp-content\/uploads\/2026\/04\/my-hr-update-04-26-1-1.jpg\" alt=\"\" class=\"wp-image-7828\" srcset=\"https:\/\/securex.lu\/wp-content\/uploads\/2026\/04\/my-hr-update-04-26-1-1.jpg 300w, https:\/\/securex.lu\/wp-content\/uploads\/2026\/04\/my-hr-update-04-26-1-1-150x150.jpg 150w\" sizes=\"(max-width: 300px) 100vw, 300px\" \/><\/figure>\n\n\n\n<p>Alors que l\u2019ann\u00e9e 2025 se cl\u00f4ture avec l\u2019\u00e9dition des certificats de r\u00e9mun\u00e9ration, \u00e0 \u00e9tablir au plus tard pour le 1er Comme chaque ann\u00e9e, les employeurs seront tenus de verser la cotisation \u00e0 la Chambre des salari\u00e9s. Celle-ci sera r\u00e9clam\u00e9e aux employeurs par l\u2019extrait de compte envoy\u00e9 au mois de juillet par le Centre Commun de la S\u00e9curit\u00e9 Sociale.<\/p>\n\n\n\n<p>Cette cotisation est fix\u00e9e \u00e0 <strong>35\u20ac par salari\u00e9<\/strong> et est pr\u00e9lev\u00e9e du salaire net des employ\u00e9s lors du payroll du mois de mars.<\/p>\n\n\n\n<p>Il est \u00e0 noter que cette cotisation n\u2019est \u00e0 payer qu\u2019<strong>une fois pour chaque salari\u00e9<\/strong>. En cas de multiples employeurs, la cotisation pour la Chambre des salari\u00e9s est en principe \u00e0 payer par celui aupr\u00e8s duquel la dur\u00e9e du travail est plus longue. En cas d\u2019\u00e9galit\u00e9 de la dur\u00e9e de travail, l\u2019affiliation la plus ancienne d\u00e9termine l\u2019employeur comp\u00e9tent pour la perception de la cotisation.<\/p>\n\n\n\n<p>Au mois de mai, le Centre Commun de la S\u00e9curit\u00e9 Sociale adressera un relev\u00e9 \u00e0 tous les employeurs reprenant les salari\u00e9s pour lesquels ils devront verser les cotisations pour la Chambre des salari\u00e9s ainsi que le montant de ladite cotisation.<\/p>\n\n\n\n<p><strong><a href=\"#sommaire-octobre\">retour sommaire<\/a><\/strong><\/p>\n\n\n\n<h2 class=\"wp-block-heading\" id=\"CIE-CAE\">2 &#8211; Nouveaut\u00e9s pour les contrats sp\u00e9ciaux (CIE, CAE, CRE et stages de professionnalisation)<\/h2>\n\n\n\n<figure class=\"wp-block-image size-full\"><img decoding=\"async\" width=\"300\" height=\"300\" src=\"https:\/\/securex.lu\/wp-content\/uploads\/2026\/04\/my-hr-update-04-26-2.jpg\" alt=\"\" class=\"wp-image-7830\" srcset=\"https:\/\/securex.lu\/wp-content\/uploads\/2026\/04\/my-hr-update-04-26-2.jpg 300w, https:\/\/securex.lu\/wp-content\/uploads\/2026\/04\/my-hr-update-04-26-2-150x150.jpg 150w\" sizes=\"(max-width: 300px) 100vw, 300px\" \/><\/figure>\n\n\n\n<p>La loi du 3 mars 2026, qui entrera en vigueur le 1<sup>er<\/sup> juillet 2026, r\u00e9forme les dispositifs de contrats d\u2019initiation \u00e0 l\u2019emploi (CIE), de contrats d\u2019appui-emploi (CAE) et de contrats de r\u00e9insertion-emploi (CRE) et le stage de professionnalisation (SP) afin de renforcer l\u2019insertion professionnelle, en particulier celle des jeunes.<\/p>\n\n\n\n<p>Les r\u00e9gimes d\u2019indemnisation des contrats CIE et CAE sont align\u00e9s sur celui du CRE. D\u00e9sormais, le paiement de l\u2019indemnit\u00e9 est effectu\u00e9 directement par l\u2019ADEM au b\u00e9n\u00e9ficiaire, tandis que la contribution financi\u00e8re \u00e0 charge de l\u2019employeur est simplifi\u00e9e.<\/p>\n\n\n\n<p>En mati\u00e8re de cong\u00e9s, la r\u00e9forme met fin aux r\u00e8gles diff\u00e9renci\u00e9es existantes jusqu\u2019\u00e0 pr\u00e9sent. D\u00e9sormais, les b\u00e9n\u00e9ficiaires d\u2019un CIE, d\u2019un CAE ou d\u2019un CRE sont tous soumis au r\u00e9gime du cong\u00e9 de r\u00e9cr\u00e9ation applicable dans l\u2019entreprise d\u2019accueil, au prorata de la dur\u00e9e de leur contrat.<\/p>\n\n\n\n<p>Par ailleurs, l\u2019acc\u00e8s au stage de professionnalisation est \u00e9largi \u00e0 tous les demandeurs d\u2019emploi inscrits aupr\u00e8s de l\u2019ADEM, quel que soit leur \u00e2ge, et son articulation avec le CIE est renforc\u00e9e afin de faciliter les parcours de pr\u00e9-embauche. Ce stage, d\u2019une dur\u00e9e limit\u00e9e \u00e0 6 semaines (ou 9 semaines pour les profils hautement qualifi\u00e9s), permet \u00e0 l\u2019employeur d\u2019\u00e9valuer un candidat en situation r\u00e9elle de travail, sans recourir imm\u00e9diatement \u00e0 un dispositif plus long.<\/p>\n\n\n\n<p>L\u2019ensemble de ces \u00e9volutions s\u2019inscrit dans une logique de simplification administrative et de s\u00e9curisation des parcours d\u2019insertion professionnelle, tant pour les employeurs que pour les b\u00e9n\u00e9ficiaires.<\/p>\n\n\n\n<p><\/p>\n\n\n\n<p><\/p>\n\n\n\n<p><strong><a href=\"#sommaire-octobre\">retour sommaire<\/a><\/strong><\/p>\n\n\n\n<h2 class=\"wp-block-heading\" id=\"recruter-etudiants\">3 &#8211; Rappel des modalit\u00e9s pour engager \u00e9l\u00e8ves et \u00e9tudiants<\/h2>\n\n\n\n<figure class=\"wp-block-image size-full\"><img decoding=\"async\" width=\"300\" height=\"300\" src=\"https:\/\/securex.lu\/wp-content\/uploads\/2026\/04\/my-hr-update-04-26-3.jpg\" alt=\"\" class=\"wp-image-7832\" srcset=\"https:\/\/securex.lu\/wp-content\/uploads\/2026\/04\/my-hr-update-04-26-3.jpg 300w, https:\/\/securex.lu\/wp-content\/uploads\/2026\/04\/my-hr-update-04-26-3-150x150.jpg 150w\" sizes=\"(max-width: 300px) 100vw, 300px\" \/><\/figure>\n\n\n\n<p>Les vacances d\u2019\u00e9t\u00e9 n\u2019\u00e9tant plus si loin, certains d\u2019entre vous r\u00e9fl\u00e9chissent s\u00fbrement d\u00e9j\u00e0 \u00e0 <strong>embaucher des \u00e9l\u00e8ves ou des \u00e9tudiants <\/strong>pour remplacer du personnel en cong\u00e9s. Pour cela, certaines formalit\u00e9s doivent \u00eatre respect\u00e9es. <\/p>\n\n\n\n<p>Le contrat entre l&#8217;employeur et l&#8217;\u00e9tudiant doit imp\u00e9rativement \u00eatre conclu <strong>par \u00e9crit, au plus tard au moment de son entr\u00e9e en service<\/strong>.<\/p>\n\n\n\n<p>Le contrat \u00e9tudiant doit \u00eatre r\u00e9dig\u00e9 en 3 exemplaires :<\/p>\n\n\n\n<ul class=\"wp-block-list\">\n<li>un pour l\u2019\u00e9tudiant ;<\/li>\n\n\n\n<li><span style=\"color: initial;\">un pour l\u2019employeur;<\/span><\/li>\n\n\n\n<li>un pour l\u2019Inspection du travail et des mines (ITM) : le contrat et une copie de la carte d\u2019identit\u00e9 doivent \u00eatre envoy\u00e9s \u00e0 l\u2019ITM dans les 7 jours suivant le d\u00e9but du contrat par courrier simple ou par MyGuichet.lu.<\/li>\n<\/ul>\n\n\n\n<p><\/p>\n\n\n\n<p>La dur\u00e9e d&#8217;occupation ne peut d\u00e9passer <strong>2 mois ou 346 heures<\/strong> par ann\u00e9e civile, peu importe s&#8217;il s&#8217;agit d&#8217;un ou de plusieurs contrats aupr\u00e8s d\u2019un ou plusieurs employeurs. Il est donc possible de conclure un ou plusieurs contrats d\u2019\u00e9tudiant \u00e0 temps partiel sur une dur\u00e9e d\u2019occupation sup\u00e9rieure \u00e0 2 mois pendant une ou plusieurs vacances scolaires \u00e0 condition de ne pas d\u00e9passer 2 fois 173 heures (= 346 heures) par ann\u00e9e civile.<\/p>\n\n\n\n<p>Concernant la r\u00e9mun\u00e9ration \u00e0 verser \u00e0 l\u2019\u00e9l\u00e8ve ou l\u2019\u00e9tudiant, celle-ci ne peut \u00eatre inf\u00e9rieure \u00e0 80% du salaire social minimum. \u00c0 l\u2019indice 968,04, l\u2019\u00e9l\u00e8ve\/\u00e9tudiant a droit aux montants minima repris dans le tableau ci-apr\u00e8s, gradu\u00e9s en raison de l\u2019\u00e2ge.<\/p>\n\n\n\n<figure class=\"wp-block-image size-large\"><img loading=\"lazy\" decoding=\"async\" width=\"1024\" height=\"385\" src=\"https:\/\/securex.lu\/wp-content\/uploads\/2025\/04\/salaire-des-etudiants-et-eleves-fr-scaled-e1745917129724-1024x385.jpg\" alt=\"\" class=\"wp-image-5844\" srcset=\"https:\/\/securex.lu\/wp-content\/uploads\/2025\/04\/salaire-des-etudiants-et-eleves-fr-scaled-e1745917129724-1024x385.jpg 1024w, https:\/\/securex.lu\/wp-content\/uploads\/2025\/04\/salaire-des-etudiants-et-eleves-fr-scaled-e1745917129724-300x113.jpg 300w, https:\/\/securex.lu\/wp-content\/uploads\/2025\/04\/salaire-des-etudiants-et-eleves-fr-scaled-e1745917129724-768x289.jpg 768w, https:\/\/securex.lu\/wp-content\/uploads\/2025\/04\/salaire-des-etudiants-et-eleves-fr-scaled-e1745917129724-1536x578.jpg 1536w, https:\/\/securex.lu\/wp-content\/uploads\/2025\/04\/salaire-des-etudiants-et-eleves-fr-scaled-e1745917129724.jpg 1894w\" sizes=\"(max-width: 1024px) 100vw, 1024px\" \/><\/figure>\n\n\n\n<p>L&#8217;employeur est tenu de faire une d\u00e9claration d&#8217;entr\u00e9e au Centre commun de la S\u00e9curit\u00e9 Sociale. En revanche, <strong>seule la cotisation patronale relative \u00e0 l\u2019assurance contre les accidents du travail sera due.<\/strong><\/p>\n\n\n\n<p>Par ailleurs, l\u2019\u00e9tudiant est <strong>exempt d\u2019imp\u00f4t<\/strong> pour autant que son <strong>salaire horaire ne d\u00e9passe pas 18\u20ac\/heure<\/strong>. Le salaire brut vers\u00e9 \u00e0 l\u2019\u00e9tudiant sera d\u00e8s lors identique \u00e0 son salaire net. Pour cela, l\u2019employeur devra cependant adresser une demande \u00e0 l\u2019Administration des Contributions Directes. Cette demande est \u00e0 faire une fois par an pour tous les \u00e9tudiants, elle n\u2019est donc pas nominative. Il est d\u00e8s lors conseill\u00e9 \u00e0 l\u2019employeur de faire cette demande lors de l\u2019embauche du premier \u00e9tudiant de l\u2019ann\u00e9e civile. <strong><\/strong><\/p>\n\n\n\n<p><strong><a href=\"#sommaire-octobre\">retour sommaire<\/a><\/strong><\/p>\n\n\n\n<p><\/p>\n\n\n\n<h2 class=\"wp-block-heading\" id=\"infpc\">4 &#8211; Derni\u00e8re ligne droite pour les dossiers INFPC&nbsp;<\/h2>\n\n\n\n<figure class=\"wp-block-image size-full\"><img loading=\"lazy\" decoding=\"async\" width=\"300\" height=\"300\" src=\"https:\/\/securex.lu\/wp-content\/uploads\/2026\/04\/my-hr-update-04-26-4.jpg\" alt=\"\" class=\"wp-image-7834\" srcset=\"https:\/\/securex.lu\/wp-content\/uploads\/2026\/04\/my-hr-update-04-26-4.jpg 300w, https:\/\/securex.lu\/wp-content\/uploads\/2026\/04\/my-hr-update-04-26-4-150x150.jpg 150w\" sizes=\"(max-width: 300px) 100vw, 300px\" \/><\/figure>\n\n\n\n<p>Comme vous le savez, chaque ann\u00e9e, les employeurs peuvent b\u00e9n\u00e9ficier d\u2019une aide financi\u00e8re relative aux co\u00fbts de formation investis l\u2019ann\u00e9e pr\u00e9c\u00e9dente. Pour cela, il est imp\u00e9ratif d\u2019introduire votre dossier INFPC avant le 31 mai&nbsp;!<\/p>\n\n\n\n<p>Les employeurs peuvent b\u00e9n\u00e9ficier d\u2019une <strong>aide financi\u00e8re de 15% du co\u00fbt investi en 2025 dans la formation de leurs salari\u00e9s<\/strong>.<\/p>\n\n\n\n<p>Les principaux co\u00fbts \u00e9ligibles au remboursement sont:<\/p>\n\n\n\n<ul class=\"wp-block-list\">\n<li>Les salaires des participants ainsi que ceux des formateurs internes \u00e0 l\u2019entreprise<\/li>\n\n\n\n<li>Les frais des organismes de formations externes<\/li>\n\n\n\n<li>Les frais de d\u00e9placement, d\u2019h\u00e9bergement et de restauration li\u00e9s aux formations&nbsp;<\/li>\n<\/ul>\n\n\n\n<p>L\u2019investissement en formation est plafonn\u00e9 selon la taille de l\u2019entreprise :<\/p>\n\n\n\n<ul class=\"wp-block-list\">\n<li>20% de la masse salariale pour les entreprises de 1 \u00e0 9 salari\u00e9s<\/li>\n\n\n\n<li>3% de la masse salariale pour les entreprises de 10 \u00e0 249 salari\u00e9s<\/li>\n\n\n\n<li>2% de la masse salariale pour les entreprises de plus de 249 salari\u00e9s<\/li>\n<\/ul>\n\n\n\n<p><\/p>\n\n\n\n<p>Soit pour une soci\u00e9t\u00e9 de 5 salari\u00e9s, un remboursement possible \u00e0 hauteur de 15% sur les 20% de votre masse salariale investie en formation, ou pour une soci\u00e9t\u00e9 de 100 salari\u00e9s, un remboursement jusqu\u2019\u00e0 15% sur les 3% de votre masse salariale investie en formation.<\/p>\n\n\n\n<p>L\u2019aide est major\u00e9e de 20% pour les salari\u00e9s form\u00e9s alors qu\u2019ils sont sans dipl\u00f4me et avec une anciennet\u00e9 inf\u00e9rieure \u00e0 10 ans, ou s\u2019ils ont plus de 45 ans.<\/p>\n\n\n\n<p>Afin d\u2019obtenir ce remboursement, un dossier sp\u00e9cifique doit \u00eatre compl\u00e9t\u00e9 et document\u00e9 avec notamment des factures, les listes de pr\u00e9sence sign\u00e9es, des donn\u00e9es concernant les salari\u00e9s et la masse salariale. Cette demande de cofinancement \u00e0 l\u2019Institut National pour le d\u00e9veloppement de la Formation Professionnelle Continue (INFPC) est \u00e0 remettre le<strong> 31 mai 2026 au plus tard.<\/strong><\/p>\n\n\n\n<p><\/p>\n\n\n\n<p><strong><a href=\"#sommaire-octobre\">retour sommaire<\/a><\/strong><\/p>\n\n\n\n<h2 class=\"wp-block-heading\" id=\"formulaires-impots\">5 &#8211; Formulaires de d\u00e9claration fiscale disponibles : \u00c0 vos revenus ! Pr\u00eats ? D\u00e9clarez !<\/h2>\n\n\n\n<figure class=\"wp-block-image size-full\"><img loading=\"lazy\" decoding=\"async\" width=\"300\" height=\"300\" src=\"https:\/\/securex.lu\/wp-content\/uploads\/2026\/04\/my-hr-update-04-26-5.jpg\" alt=\"\" class=\"wp-image-7836\" srcset=\"https:\/\/securex.lu\/wp-content\/uploads\/2026\/04\/my-hr-update-04-26-5.jpg 300w, https:\/\/securex.lu\/wp-content\/uploads\/2026\/04\/my-hr-update-04-26-5-150x150.jpg 150w\" sizes=\"(max-width: 300px) 100vw, 300px\" \/><\/figure>\n\n\n\n<p>Les formulaires de d\u00e9claration fiscale des revenus de 2025 sont disponibles depuis le 7 avril 2026. La d\u00e9claration fiscale pour l\u2019imp\u00f4t sur le revenu des personnes physiques de l\u2019ann\u00e9e 2025 est \u00e0 remettre d\u00fbment remplie et sign\u00e9e au plus tard le 31 d\u00e9cembre 2026.<\/p>\n\n\n\n<p>Trois canaux de d\u00e9claration sont d\u00e9sormais disponibles&nbsp;:<\/p>\n\n\n\n<p>Via formulaire PDF, disponible sur le site de l\u2019ACD, \u00e0 transmettre \u00e9lectroniquement au bureau d\u2019imposition comp\u00e9tent.<\/p>\n\n\n\n<p>Via l\u2019assistant \u00e9lectronique sur MyGuichet.lu, n\u00e9cessitant un acc\u00e8s LuxTrust&nbsp;;<\/p>\n\n\n\n<p>Via formulaire papier, disponible sur le site de l\u2019Administration des Contributions Directes (ACD), \u00e0 envoyer par voie postale au bureau d\u2019imposition comp\u00e9tent&nbsp;;<\/p>\n\n\n\n<p><\/p>\n\n\n\n<p><strong><a href=\"#sommaire-octobre\">retour sommaire<\/a><\/strong><\/p>\n\n\n\n<h2 class=\"wp-block-heading\" id=\"inflation\">6 &#8211; Quid de la prochaine indexation&nbsp;?<\/h2>\n\n\n\n<figure class=\"wp-block-image size-full\"><img loading=\"lazy\" decoding=\"async\" width=\"300\" height=\"300\" src=\"https:\/\/securex.lu\/wp-content\/uploads\/2026\/04\/my-hr-update-04-26-6.jpg\" alt=\"\" class=\"wp-image-7838\" srcset=\"https:\/\/securex.lu\/wp-content\/uploads\/2026\/04\/my-hr-update-04-26-6.jpg 300w, https:\/\/securex.lu\/wp-content\/uploads\/2026\/04\/my-hr-update-04-26-6-150x150.jpg 150w\" sizes=\"(max-width: 300px) 100vw, 300px\" \/><\/figure>\n\n\n\n<p>La derni\u00e8re indexation a eu lieu le 1<sup>er<\/sup> mai 2025.<\/p>\n\n\n\n<p>Il y a indexation automatique d\u00e8s lors que la moyenne semestrielle de l\u2019indice enregistre une diff\u00e9rence de 2.5 % par rapport \u00e0 la derni\u00e8re cote d\u2019\u00e9ch\u00e9ance.<\/p>\n\n\n\n<p>Sur la base du taux d\u2019inflation actuel et des estimations du STATEC, la prochaine indexation pourrait intervenir en mai ou juin 2026, sans que cela puisse \u00eatre confirm\u00e9 \u00e0 ce stade. La r\u00e9union imminente du STATEC nous le confirmera, ou non&nbsp;!<\/p>\n\n\n\n<p>Pour rappel, l\u2019indexation est d\u2019ordre public et concerne tous les salari\u00e9s sous contrat de travail luxembourgeois, ainsi que les \u00e9tudiants, les stagiaires et les apprentis, dont la r\u00e9mun\u00e9ration augmentera de 2,5 %.<\/p>\n\n\n\n<p><\/p>\n\n\n\n<p><strong><a href=\"#sommaire-octobre\">retour sommaire<\/a><\/strong><\/p>\n\n\n\n<p><\/p>\n\n\n\n<h2 class=\"wp-block-heading\" id=\"loi-deconnexion\">7 &#8211; Droit \u00e0 la d\u00e9connexion : attention aux sanctions \u00e0 venir<\/h2>\n\n\n\n<figure class=\"wp-block-image size-full\"><img loading=\"lazy\" decoding=\"async\" width=\"300\" height=\"300\" src=\"https:\/\/securex.lu\/wp-content\/uploads\/2026\/04\/my-hr-update-04-26-7.jpg\" alt=\"\" class=\"wp-image-7840\" srcset=\"https:\/\/securex.lu\/wp-content\/uploads\/2026\/04\/my-hr-update-04-26-7.jpg 300w, https:\/\/securex.lu\/wp-content\/uploads\/2026\/04\/my-hr-update-04-26-7-150x150.jpg 150w\" sizes=\"(max-width: 300px) 100vw, 300px\" \/><\/figure>\n\n\n\n<p><\/p>\n\n\n\n<p>Bien que l\u2019obligation de mettre en place un r\u00e9gime de d\u00e9connexion soit en vigueur depuis 2023, les sanctions administratives ne s\u2019appliqueront qu\u2019\u00e0 compter du 1er juillet 2026.<\/p>\n\n\n\n<p>Depuis le 4 juillet 2023<strong>, <\/strong>le Luxembourg s\u2019est dot\u00e9 d\u2019un cadre l\u00e9gal r\u00e9glementant le droit \u00e0 la d\u00e9connexion des salari\u00e9s. Ces dispositions imposent aux employeurs de mettre en place un r\u00e9gime adapt\u00e9 encadrant l\u2019usage des outils num\u00e9riques \u00e0 des fins professionnelles, via une charte, un r\u00e8glement interne ou un autre document \u00e9quivalent.<\/p>\n\n\n\n<p>La mise en place de ce r\u00e9gime de d\u00e9connexion doit se faire, soit :<\/p>\n\n\n\n<ul class=\"wp-block-list\">\n<li>par <strong>convention collective ou accord subordonn\u00e9<\/strong>&nbsp;;<\/li>\n\n\n\n<li><strong>au niveau de l\u2019entreprise<\/strong> dans le respect des comp\u00e9tences de la d\u00e9l\u00e9gation du personnel s\u2019il en existe une, \u00e0 savoir :<\/li>\n\n\n\n<li>&nbsp;dans une entreprise occupant moins de 150 salari\u00e9s lors des derni\u00e8res \u00e9lections : la d\u00e9l\u00e9gation du personnel doit \u00eatre inform\u00e9e et consult\u00e9e ;<\/li>\n\n\n\n<li>dans une entreprise occupant au moins 150 salari\u00e9s lors des derni\u00e8res \u00e9lections : la d\u00e9l\u00e9gation du personnel dispose d\u2019un pouvoir de cod\u00e9cision.<\/li>\n\n\n\n<li>et en l\u2019absence de d\u00e9l\u00e9gation du personnel, par <strong>d\u00e9cision unilat\u00e9rale de l\u2019employeur apr\u00e8s information des salari\u00e9s.<\/strong><\/li>\n<\/ul>\n\n\n\n<p>\u00c0 d\u00e9faut de mise en place d\u2019un r\u00e9gime de d\u00e9connexion conforme, l\u2019employeur s\u2019expose \u00e0 une <strong>amende administrative pouvant aller de 251 \u20ac \u00e0 25.000 \u20ac<\/strong>, prononc\u00e9e par l\u2019Inspection du Travail et des Mines (ITM). Toutefois, ces sanctions ne seront applicables qu\u2019\u00e0 compter du 1er juillet 2026.<\/p>\n\n\n\n<p><\/p>\n\n\n\n<p><strong><a href=\"#sommaire-octobre\">retour sommaire<\/a><\/strong><\/p>\n\n\n\n<h2 class=\"wp-block-heading\" id=\"transparence-loi\">8 &#8211; Transparence salariale\u00a0: se pr\u00e9parer \u00e0 l\u2019\u00e9ch\u00e9ance de juin 2026 de la prochaine indexation\u00a0?<\/h2>\n\n\n\n<figure class=\"wp-block-image size-full\"><img loading=\"lazy\" decoding=\"async\" width=\"300\" height=\"300\" src=\"https:\/\/securex.lu\/wp-content\/uploads\/2026\/04\/my-hr-update-04-26-8.jpg\" alt=\"\" class=\"wp-image-7842\" srcset=\"https:\/\/securex.lu\/wp-content\/uploads\/2026\/04\/my-hr-update-04-26-8.jpg 300w, https:\/\/securex.lu\/wp-content\/uploads\/2026\/04\/my-hr-update-04-26-8-150x150.jpg 150w\" sizes=\"(max-width: 300px) 100vw, 300px\" \/><\/figure>\n\n\n\n<p><\/p>\n\n\n\n<p>Adopt\u00e9e en mai 2023, la directive (UE) 2023\/970 relative \u00e0 la transparence salariale entrera en vigueur en juin 2026 et sera d\u2019application directe \u00e0 cette date, ind\u00e9pendamment de l\u2019\u00e9tat d\u2019avancement de sa transposition en droit luxembourgeois.<\/p>\n\n\n\n<p>Cette directive vise de renforcer l\u2019\u00e9galit\u00e9 salariale entre les femmes et les hommes en rendant les politiques de r\u00e9mun\u00e9ration objectives, document\u00e9es et transparentes.<\/p>\n\n\n\n<p>Concr\u00e8tement, les entreprises devront notamment communiquer les niveaux ou fourchettes de r\u00e9mun\u00e9ration d\u00e8s le recrutement, interdire toute demande relative \u00e0 l\u2019historique salarial des candidats et permettre aux salari\u00e9s d\u2019acc\u00e9der aux crit\u00e8res utilis\u00e9s pour d\u00e9terminer leur r\u00e9mun\u00e9ration ainsi que leur \u00e9volution de carri\u00e8re.<\/p>\n\n\n\n<p>\u00c0 moyen terme, les employeurs atteignant certains seuils d\u2019effectifs seront \u00e9galement soumis \u00e0 des obligations de publication et de communication des \u00e9carts de r\u00e9mun\u00e9ration, avec, en cas de litige, un renversement de la charge de la preuve en cas de contentieux.<\/p>\n\n\n\n<p>Cette r\u00e9forme implique une remise \u00e0 plat des pratiques salariales et appelle les employeurs \u00e0 se pr\u00e9parer d\u00e8s \u00e0 pr\u00e9sent, avant l\u2019entr\u00e9e en application du dispositif en<strong> juin 2026<\/strong>.<\/p>\n\n\n\n<p><\/p>\n\n\n\n<p><strong><a href=\"#sommaire-octobre\">retour sommaire<\/a><\/strong><\/p>\n\n\n\n<h2 class=\"wp-block-heading\" id=\"carte-bleue\">9 &#8211; Carte bleue europ\u00e9enne&nbsp;: rel\u00e8vement du seuil de r\u00e9mun\u00e9ration<\/h2>\n\n\n\n<figure class=\"wp-block-image size-full\"><img loading=\"lazy\" decoding=\"async\" width=\"300\" height=\"300\" src=\"https:\/\/securex.lu\/wp-content\/uploads\/2026\/04\/my-hr-update-04-26-9.jpg\" alt=\"\" class=\"wp-image-7844\" srcset=\"https:\/\/securex.lu\/wp-content\/uploads\/2026\/04\/my-hr-update-04-26-9.jpg 300w, https:\/\/securex.lu\/wp-content\/uploads\/2026\/04\/my-hr-update-04-26-9-150x150.jpg 150w\" sizes=\"(max-width: 300px) 100vw, 300px\" \/><\/figure>\n\n\n\n<p><\/p>\n\n\n\n<p>Le seuil de r\u00e9mun\u00e9ration requis pour l\u2019octroi d\u2019une carte bleue europ\u00e9enne au Luxembourg a \u00e9t\u00e9 relev\u00e9 \u00e0 compter de mars 2026.<\/p>\n\n\n\n<p>Les ressortissants de pays tiers (c\u2019est\u2011\u00e0\u2011dire hors Union europ\u00e9enne et Espace \u00e9conomique europ\u00e9en) disposant de qualifications \u00e9lev\u00e9es peuvent acc\u00e9der au march\u00e9 du travail luxembourgeois gr\u00e2ce \u00e0 un titre de s\u00e9jour sp\u00e9cifique\u202f: la <strong>carte bleue europ\u00e9enne<\/strong>.<\/p>\n\n\n\n<p>Pour en b\u00e9n\u00e9ficier, plusieurs conditions doivent \u00eatre remplies. Tout d\u2019abord, le travailleur hautement qualifi\u00e9 doit percevoir une r\u00e9mun\u00e9ration annuelle brute d\u00e9passant un <strong>seuil minimal fix\u00e9 \u00e0 65.652 \u20ac au 3 mars 2026<\/strong>, contre <strong>63.408 \u20ac au 18 mars 2025<\/strong>. Ce seuil constitue un crit\u00e8re cl\u00e9 d\u2019\u00e9ligibilit\u00e9 \u00e0 la carte bleue.<\/p>\n\n\n\n<p>Au\u2011del\u00e0 de la r\u00e9mun\u00e9ration, le ressortissant de pays tiers doit \u00eatre li\u00e9 par un <strong>contrat de travail d\u2019une dur\u00e9e d\u2019au moins six mois<\/strong>. Il doit \u00e9galement justifier des <strong>qualifications professionnelles \u00e9lev\u00e9es<\/strong> requises pour exercer la fonction concern\u00e9e\u202f: soit en r\u00e9pondant aux exigences propres \u00e0 la profession non r\u00e9glement\u00e9e, soit en remplissant les conditions applicables \u00e0 une profession r\u00e9glement\u00e9e, telles que pr\u00e9cis\u00e9es dans le contrat de travail.<\/p>\n\n\n\n<p><\/p>\n\n\n\n<p><strong><a href=\"#sommaire-octobre\">retour sommaire<\/a><\/strong><\/p>\n\n\n\n<p><\/p>\n\n\n\n<p>Vous souhaitez recevoir les derni\u00e8res nouvelles qui concernent les RH au Luxembourg directement dans votre bo\u00eete mail ? Inscrivez-vous \u00e0 My HR Update :&nbsp;<a href=\"https:\/\/www.securex.lu\/#hr-update\" target=\"_blank\" rel=\"noreferrer noopener\">https:\/\/www.securex.lu\/#hr-update<\/a><\/p>\n\n\n\n<p><\/p>\n","protected":false},"excerpt":{"rendered":"<p>Dans cette \u00e9dition d&#8217;avril 2026, Securex vous informe entre autres sur la transparence salariale, le droit \u00e0 la d\u00e9connexion dont les sanctions arrivent, la prochaine indexation et la carte bleue europ\u00e9enne.<\/p>\n","protected":false},"author":3,"featured_media":7869,"comment_status":"closed","ping_status":"open","sticky":false,"template":"","format":"standard","meta":{"_acf_changed":false,"_price":"","_stock":"","_tribe_ticket_header":"","_tribe_default_ticket_provider":"","_tribe_ticket_capacity":"0","_ticket_start_date":"","_ticket_end_date":"","_tribe_ticket_show_description":"","_tribe_ticket_show_not_going":false,"_tribe_ticket_use_global_stock":"","_tribe_ticket_global_stock_level":"","_global_stock_mode":"","_global_stock_cap":"","_tribe_rsvp_for_event":"","_tribe_ticket_going_count":"","_tribe_ticket_not_going_count":"","_tribe_tickets_list":"[]","_tribe_ticket_has_attendee_info_fields":false,"footnotes":"","_tec_slr_enabled":"","_tec_slr_layout":""},"categories":[49,44],"tags":[77],"class_list":["post-7856","post","type-post","status-publish","format-standard","has-post-thumbnail","hentry","category-myhrupdate-en","category-news","tag-my-hr-update-en"],"acf":[],"yoast_head":"<!-- This site is optimized with the Yoast SEO plugin v27.4 - https:\/\/yoast.com\/product\/yoast-seo-wordpress\/ -->\n<title>My HR Update avril 2026 - Securex<\/title>\n<meta name=\"description\" content=\"Discover the lastest HR developments in Luxembourg: pay transparency, the right to disconnect, upcoming indexation ...\" \/>\n<meta name=\"robots\" content=\"index, follow, max-snippet:-1, max-image-preview:large, max-video-preview:-1\" \/>\n<link rel=\"canonical\" href=\"https:\/\/securex.lu\/en\/my-hr-update-avril-2026\/\" \/>\n<meta property=\"og:locale\" content=\"en_US\" \/>\n<meta property=\"og:type\" content=\"article\" \/>\n<meta property=\"og:title\" content=\"My HR Update avril 2026 - Securex\" \/>\n<meta property=\"og:description\" content=\"Discover the lastest HR developments in Luxembourg: pay transparency, the right to disconnect, upcoming indexation ...\" \/>\n<meta property=\"og:url\" content=\"https:\/\/securex.lu\/en\/my-hr-update-avril-2026\/\" \/>\n<meta property=\"og:site_name\" content=\"Securex\" \/>\n<meta property=\"article:published_time\" content=\"2026-04-27T04:56:44+00:00\" \/>\n<meta property=\"article:modified_time\" content=\"2026-04-27T04:56:47+00:00\" \/>\n<meta property=\"og:image\" content=\"https:\/\/securex.lu\/wp-content\/uploads\/2026\/04\/my-hr-update-avril-2026-1024x678.jpg\" \/>\n\t<meta property=\"og:image:width\" content=\"1024\" \/>\n\t<meta property=\"og:image:height\" content=\"678\" \/>\n\t<meta property=\"og:image:type\" content=\"image\/jpeg\" \/>\n<meta name=\"author\" content=\"Anne-Catherine\" \/>\n<meta name=\"twitter:card\" content=\"summary_large_image\" \/>\n<meta name=\"twitter:label1\" content=\"Written by\" \/>\n\t<meta name=\"twitter:data1\" content=\"Anne-Catherine\" \/>\n\t<meta name=\"twitter:label2\" content=\"Est. reading time\" \/>\n\t<meta name=\"twitter:data2\" content=\"12 minutes\" \/>\n<script type=\"application\/ld+json\" class=\"yoast-schema-graph\">{\"@context\":\"https:\\\/\\\/schema.org\",\"@graph\":[{\"@type\":\"Article\",\"@id\":\"https:\\\/\\\/securex.lu\\\/en\\\/my-hr-update-avril-2026\\\/#article\",\"isPartOf\":{\"@id\":\"https:\\\/\\\/securex.lu\\\/en\\\/my-hr-update-avril-2026\\\/\"},\"author\":{\"name\":\"Anne-Catherine\",\"@id\":\"https:\\\/\\\/securex.lu\\\/#\\\/schema\\\/person\\\/cb7118e96b1752421ba225a4dfb16467\"},\"headline\":\"My HR Update avril 2026\",\"datePublished\":\"2026-04-27T04:56:44+00:00\",\"dateModified\":\"2026-04-27T04:56:47+00:00\",\"mainEntityOfPage\":{\"@id\":\"https:\\\/\\\/securex.lu\\\/en\\\/my-hr-update-avril-2026\\\/\"},\"wordCount\":2273,\"publisher\":{\"@id\":\"https:\\\/\\\/securex.lu\\\/#organization\"},\"image\":{\"@id\":\"https:\\\/\\\/securex.lu\\\/en\\\/my-hr-update-avril-2026\\\/#primaryimage\"},\"thumbnailUrl\":\"https:\\\/\\\/securex.lu\\\/wp-content\\\/uploads\\\/2026\\\/04\\\/my-hr-update-avril-2026.jpg\",\"keywords\":[\"My HR Update\"],\"articleSection\":[\"My HR update\",\"News\"],\"inLanguage\":\"en-US\"},{\"@type\":\"WebPage\",\"@id\":\"https:\\\/\\\/securex.lu\\\/en\\\/my-hr-update-avril-2026\\\/\",\"url\":\"https:\\\/\\\/securex.lu\\\/en\\\/my-hr-update-avril-2026\\\/\",\"name\":\"My HR Update avril 2026 - Securex\",\"isPartOf\":{\"@id\":\"https:\\\/\\\/securex.lu\\\/#website\"},\"primaryImageOfPage\":{\"@id\":\"https:\\\/\\\/securex.lu\\\/en\\\/my-hr-update-avril-2026\\\/#primaryimage\"},\"image\":{\"@id\":\"https:\\\/\\\/securex.lu\\\/en\\\/my-hr-update-avril-2026\\\/#primaryimage\"},\"thumbnailUrl\":\"https:\\\/\\\/securex.lu\\\/wp-content\\\/uploads\\\/2026\\\/04\\\/my-hr-update-avril-2026.jpg\",\"datePublished\":\"2026-04-27T04:56:44+00:00\",\"dateModified\":\"2026-04-27T04:56:47+00:00\",\"description\":\"Discover the lastest HR developments in Luxembourg: pay transparency, the right to disconnect, upcoming indexation ...\",\"breadcrumb\":{\"@id\":\"https:\\\/\\\/securex.lu\\\/en\\\/my-hr-update-avril-2026\\\/#breadcrumb\"},\"inLanguage\":\"en-US\",\"potentialAction\":[{\"@type\":\"ReadAction\",\"target\":[\"https:\\\/\\\/securex.lu\\\/en\\\/my-hr-update-avril-2026\\\/\"]}]},{\"@type\":\"ImageObject\",\"inLanguage\":\"en-US\",\"@id\":\"https:\\\/\\\/securex.lu\\\/en\\\/my-hr-update-avril-2026\\\/#primaryimage\",\"url\":\"https:\\\/\\\/securex.lu\\\/wp-content\\\/uploads\\\/2026\\\/04\\\/my-hr-update-avril-2026.jpg\",\"contentUrl\":\"https:\\\/\\\/securex.lu\\\/wp-content\\\/uploads\\\/2026\\\/04\\\/my-hr-update-avril-2026.jpg\",\"width\":2500,\"height\":1656},{\"@type\":\"BreadcrumbList\",\"@id\":\"https:\\\/\\\/securex.lu\\\/en\\\/my-hr-update-avril-2026\\\/#breadcrumb\",\"itemListElement\":[{\"@type\":\"ListItem\",\"position\":1,\"name\":\"Accueil\",\"item\":\"https:\\\/\\\/securex.lu\\\/\"},{\"@type\":\"ListItem\",\"position\":2,\"name\":\"My HR Update avril 2026\"}]},{\"@type\":\"WebSite\",\"@id\":\"https:\\\/\\\/securex.lu\\\/#website\",\"url\":\"https:\\\/\\\/securex.lu\\\/\",\"name\":\"Securex\",\"description\":\"Votre partenaire paie et RH au Luxembourg\",\"publisher\":{\"@id\":\"https:\\\/\\\/securex.lu\\\/#organization\"},\"potentialAction\":[{\"@type\":\"SearchAction\",\"target\":{\"@type\":\"EntryPoint\",\"urlTemplate\":\"https:\\\/\\\/securex.lu\\\/?s={search_term_string}\"},\"query-input\":{\"@type\":\"PropertyValueSpecification\",\"valueRequired\":true,\"valueName\":\"search_term_string\"}}],\"inLanguage\":\"en-US\"},{\"@type\":\"Organization\",\"@id\":\"https:\\\/\\\/securex.lu\\\/#organization\",\"name\":\"Securex\",\"url\":\"https:\\\/\\\/securex.lu\\\/\",\"logo\":{\"@type\":\"ImageObject\",\"inLanguage\":\"en-US\",\"@id\":\"https:\\\/\\\/securex.lu\\\/#\\\/schema\\\/logo\\\/image\\\/\",\"url\":\"https:\\\/\\\/securex.lu\\\/wp-content\\\/uploads\\\/2023\\\/11\\\/Logo-securex-blanc.svg\",\"contentUrl\":\"https:\\\/\\\/securex.lu\\\/wp-content\\\/uploads\\\/2023\\\/11\\\/Logo-securex-blanc.svg\",\"width\":170,\"height\":54,\"caption\":\"Securex\"},\"image\":{\"@id\":\"https:\\\/\\\/securex.lu\\\/#\\\/schema\\\/logo\\\/image\\\/\"}},{\"@type\":\"Person\",\"@id\":\"https:\\\/\\\/securex.lu\\\/#\\\/schema\\\/person\\\/cb7118e96b1752421ba225a4dfb16467\",\"name\":\"Anne-Catherine\",\"url\":\"https:\\\/\\\/securex.lu\\\/en\\\/author\\\/anne-catherine\\\/\"}]}<\/script>\n<!-- \/ Yoast SEO plugin. -->","yoast_head_json":{"title":"My HR Update avril 2026 - Securex","description":"Discover the lastest HR developments in Luxembourg: pay transparency, the right to disconnect, upcoming indexation ...","robots":{"index":"index","follow":"follow","max-snippet":"max-snippet:-1","max-image-preview":"max-image-preview:large","max-video-preview":"max-video-preview:-1"},"canonical":"https:\/\/securex.lu\/en\/my-hr-update-avril-2026\/","og_locale":"en_US","og_type":"article","og_title":"My HR Update avril 2026 - Securex","og_description":"Discover the lastest HR developments in Luxembourg: pay transparency, the right to disconnect, upcoming indexation ...","og_url":"https:\/\/securex.lu\/en\/my-hr-update-avril-2026\/","og_site_name":"Securex","article_published_time":"2026-04-27T04:56:44+00:00","article_modified_time":"2026-04-27T04:56:47+00:00","og_image":[{"width":1024,"height":678,"url":"https:\/\/securex.lu\/wp-content\/uploads\/2026\/04\/my-hr-update-avril-2026-1024x678.jpg","type":"image\/jpeg"}],"author":"Anne-Catherine","twitter_card":"summary_large_image","twitter_misc":{"Written by":"Anne-Catherine","Est. reading time":"12 minutes"},"schema":{"@context":"https:\/\/schema.org","@graph":[{"@type":"Article","@id":"https:\/\/securex.lu\/en\/my-hr-update-avril-2026\/#article","isPartOf":{"@id":"https:\/\/securex.lu\/en\/my-hr-update-avril-2026\/"},"author":{"name":"Anne-Catherine","@id":"https:\/\/securex.lu\/#\/schema\/person\/cb7118e96b1752421ba225a4dfb16467"},"headline":"My HR Update avril 2026","datePublished":"2026-04-27T04:56:44+00:00","dateModified":"2026-04-27T04:56:47+00:00","mainEntityOfPage":{"@id":"https:\/\/securex.lu\/en\/my-hr-update-avril-2026\/"},"wordCount":2273,"publisher":{"@id":"https:\/\/securex.lu\/#organization"},"image":{"@id":"https:\/\/securex.lu\/en\/my-hr-update-avril-2026\/#primaryimage"},"thumbnailUrl":"https:\/\/securex.lu\/wp-content\/uploads\/2026\/04\/my-hr-update-avril-2026.jpg","keywords":["My HR Update"],"articleSection":["My HR update","News"],"inLanguage":"en-US"},{"@type":"WebPage","@id":"https:\/\/securex.lu\/en\/my-hr-update-avril-2026\/","url":"https:\/\/securex.lu\/en\/my-hr-update-avril-2026\/","name":"My HR Update avril 2026 - Securex","isPartOf":{"@id":"https:\/\/securex.lu\/#website"},"primaryImageOfPage":{"@id":"https:\/\/securex.lu\/en\/my-hr-update-avril-2026\/#primaryimage"},"image":{"@id":"https:\/\/securex.lu\/en\/my-hr-update-avril-2026\/#primaryimage"},"thumbnailUrl":"https:\/\/securex.lu\/wp-content\/uploads\/2026\/04\/my-hr-update-avril-2026.jpg","datePublished":"2026-04-27T04:56:44+00:00","dateModified":"2026-04-27T04:56:47+00:00","description":"Discover the lastest HR developments in Luxembourg: pay transparency, the right to disconnect, upcoming indexation ...","breadcrumb":{"@id":"https:\/\/securex.lu\/en\/my-hr-update-avril-2026\/#breadcrumb"},"inLanguage":"en-US","potentialAction":[{"@type":"ReadAction","target":["https:\/\/securex.lu\/en\/my-hr-update-avril-2026\/"]}]},{"@type":"ImageObject","inLanguage":"en-US","@id":"https:\/\/securex.lu\/en\/my-hr-update-avril-2026\/#primaryimage","url":"https:\/\/securex.lu\/wp-content\/uploads\/2026\/04\/my-hr-update-avril-2026.jpg","contentUrl":"https:\/\/securex.lu\/wp-content\/uploads\/2026\/04\/my-hr-update-avril-2026.jpg","width":2500,"height":1656},{"@type":"BreadcrumbList","@id":"https:\/\/securex.lu\/en\/my-hr-update-avril-2026\/#breadcrumb","itemListElement":[{"@type":"ListItem","position":1,"name":"Accueil","item":"https:\/\/securex.lu\/"},{"@type":"ListItem","position":2,"name":"My HR Update avril 2026"}]},{"@type":"WebSite","@id":"https:\/\/securex.lu\/#website","url":"https:\/\/securex.lu\/","name":"Securex","description":"Votre partenaire paie et RH au Luxembourg","publisher":{"@id":"https:\/\/securex.lu\/#organization"},"potentialAction":[{"@type":"SearchAction","target":{"@type":"EntryPoint","urlTemplate":"https:\/\/securex.lu\/?s={search_term_string}"},"query-input":{"@type":"PropertyValueSpecification","valueRequired":true,"valueName":"search_term_string"}}],"inLanguage":"en-US"},{"@type":"Organization","@id":"https:\/\/securex.lu\/#organization","name":"Securex","url":"https:\/\/securex.lu\/","logo":{"@type":"ImageObject","inLanguage":"en-US","@id":"https:\/\/securex.lu\/#\/schema\/logo\/image\/","url":"https:\/\/securex.lu\/wp-content\/uploads\/2023\/11\/Logo-securex-blanc.svg","contentUrl":"https:\/\/securex.lu\/wp-content\/uploads\/2023\/11\/Logo-securex-blanc.svg","width":170,"height":54,"caption":"Securex"},"image":{"@id":"https:\/\/securex.lu\/#\/schema\/logo\/image\/"}},{"@type":"Person","@id":"https:\/\/securex.lu\/#\/schema\/person\/cb7118e96b1752421ba225a4dfb16467","name":"Anne-Catherine","url":"https:\/\/securex.lu\/en\/author\/anne-catherine\/"}]}},"ticketed":false,"_links":{"self":[{"href":"https:\/\/securex.lu\/en\/wp-json\/wp\/v2\/posts\/7856","targetHints":{"allow":["GET"]}}],"collection":[{"href":"https:\/\/securex.lu\/en\/wp-json\/wp\/v2\/posts"}],"about":[{"href":"https:\/\/securex.lu\/en\/wp-json\/wp\/v2\/types\/post"}],"author":[{"embeddable":true,"href":"https:\/\/securex.lu\/en\/wp-json\/wp\/v2\/users\/3"}],"replies":[{"embeddable":true,"href":"https:\/\/securex.lu\/en\/wp-json\/wp\/v2\/comments?post=7856"}],"version-history":[{"count":32,"href":"https:\/\/securex.lu\/en\/wp-json\/wp\/v2\/posts\/7856\/revisions"}],"predecessor-version":[{"id":7902,"href":"https:\/\/securex.lu\/en\/wp-json\/wp\/v2\/posts\/7856\/revisions\/7902"}],"wp:featuredmedia":[{"embeddable":true,"href":"https:\/\/securex.lu\/en\/wp-json\/wp\/v2\/media\/7869"}],"wp:attachment":[{"href":"https:\/\/securex.lu\/en\/wp-json\/wp\/v2\/media?parent=7856"}],"wp:term":[{"taxonomy":"category","embeddable":true,"href":"https:\/\/securex.lu\/en\/wp-json\/wp\/v2\/categories?post=7856"},{"taxonomy":"post_tag","embeddable":true,"href":"https:\/\/securex.lu\/en\/wp-json\/wp\/v2\/tags?post=7856"}],"curies":[{"name":"wp","href":"https:\/\/api.w.org\/{rel}","templated":true}]}}